{"id":24816,"date":"2026-04-28T10:55:51","date_gmt":"2026-04-28T08:55:51","guid":{"rendered":"https:\/\/www.erasmushouse.museum\/?p=24816"},"modified":"2026-04-28T10:56:35","modified_gmt":"2026-04-28T08:56:35","slug":"10-06-26-de-renaissance-begon-in-bagdad","status":"publish","type":"post","link":"https:\/\/www.erasmushouse.museum\/nl\/10-06-26-de-renaissance-begon-in-bagdad\/","title":{"rendered":"10.06.26\/ Lezing Koert Debeuf &#8211; De Renaissance begon in Bagdad"},"content":{"rendered":"<div class=\"wpb-content-wrapper\"><p>[vc_row content_text_aligment=&#8221;left&#8221; css=&#8221;.vc_custom_1586273780651{margin-top: -50px !important;}&#8221;][vc_column width=&#8221;1\/6&#8243;][\/vc_column][vc_column width=&#8221;2\/3&#8243;][vc_single_image image=&#8221;7287&#8243; img_size=&#8221;full&#8221; alignment=&#8221;center&#8221; css=&#8221;&#8221;][vc_empty_space][vc_column_text css=&#8221;&#8221;]<\/p>\n<h3 style=\"text-align: center;\"><strong>Koert Debeuf, Midden-Oostenkenner, wordt uitgenodigd voor een lezing over de invloed van de Arabische wereld op de westerse Renaissance.<\/strong><\/h3>\n<div id=\"gtx-trans\" style=\"position: absolute; left: -1px; top: 0px;\">\n<h3 class=\"gtx-trans-icon\" style=\"text-align: center;\"><\/h3>\n<\/div>\n<p>[\/vc_column_text][vc_empty_space][vc_single_image image=&#8221;24817&#8243; img_size=&#8221;medium&#8221; alignment=&#8221;center&#8221; css=&#8221;&#8221;][vc_column_text css=&#8221;&#8221;]<\/p>\n<h5 style=\"text-align: center;\">Al-B\u00eer\u00fbn\u00ee, <em>San\u02bfat al-Asturl\u00e2b<\/em> (<em>De kunst van het astrolabium<\/em>). Onbekende oorsprong, 13e eeuw. Paris, BNF, ms. arabe 6860, fol. 41v<\/h5>\n<p>[\/vc_column_text][\/vc_column][vc_column width=&#8221;1\/6&#8243;][\/vc_column][\/vc_row][vc_row content_placement=&#8221;top&#8221; content_text_aligment=&#8221;left&#8221;][vc_column width=&#8221;1\/6&#8243;][\/vc_column][vc_column width=&#8221;2\/3&#8243;][vc_empty_space][vc_column_text css=&#8221;&#8221;]<\/p>\n<h4>De Renaissance begon in Bagdad<\/h4>\n<p>De moslimwereld heeft Europa nooit iets bijgebracht. Het is een stelling die we vaak horen. Maar is dat wel zo?<br \/>\nKoert Debeuf toont in zijn lezing aan dat het tegenovergestelde waar is.<br \/>\nEuropa heeft zich laten inspireren door de architectuur van het Midden-Oosten zoals we kunnen zien in de Romaanse en Gotische kerken.<br \/>\nOok filosofisch was de invloed van Arabische filosofen groot. Zonder die filosofen zou Europa bijvoorbeeld een heel andere Renaissance gekend hebben.<br \/>\nDebeuf schetst een heel ander beeld van de geschiedenis dan wat we op school hebben geleerd en brengt nieuwe inzichten in de relaties tussen het Westen en het Oosten.[\/vc_column_text][vc_empty_space][vc_column_text css=&#8221;&#8221;]<\/p>\n<h4><strong>Koert Debeuf<\/strong><\/h4>\n<p>is filosoof, historicus en geopolitiek analyst.<br \/>\nHij is momenteel professor Midden-Oosten en Wereldpolitiek aan de Vrije Universiteit Brussel, waar hij ook directeur is van de <em>Caroline Pauwels Academy of Critical Thinking<\/em>.<br \/>\nEerder was hij hoofdredacteur van de <em>EUobserver<\/em>, directeur van het <em>Tahrir Institute for Middle East Politics<\/em>, kabinetschef van de voorzitter van de liberale fractie in het Europees Parlement en speechschrijver en woordvoerder van de Eerste Minister. Van 2011 tot 2016 woonde hij in Ca\u00efro vanwaar hij het Midden-Oosten intensief heeft bezocht.<br \/>\nHij wordt op dagelijkse basis gevraagd als commentator op het Midden-Oosten in nationale en internationale media.<br \/>\nZijn meest recente boeken zijn <em>Tribalization. Why war is coming<\/em> (2019), <em>Waarom dit niet de laatste oorlog is <\/em>(2022), <em>The Influence of Averroes on European Thought<\/em> (2024) en <em>Wat je moet weten om het Midden-Oosten te begrijpen <\/em>(2025), dat inmiddels aan een achtste druk toe is[\/vc_column_text][vc_empty_space][vc_single_image image=&#8221;24820&#8243; img_size=&#8221;medium&#8221; alignment=&#8221;center&#8221; css=&#8221;&#8221;][vc_row_inner][vc_column_inner width=&#8221;1\/6&#8243;][\/vc_column_inner][vc_column_inner width=&#8221;2\/3&#8243;][vc_column_text][\/vc_column_text][vc_empty_space][\/vc_column_inner][vc_column_inner width=&#8221;1\/6&#8243;][\/vc_column_inner][\/vc_row_inner][vc_column_text css=&#8221;&#8221;]<\/p>\n<h5><strong>Praktisch<\/strong><\/h5>\n<p>Woensdag 10 juni 2026 om 18:00<\/p>\n<p>Toegang : 5 euro \/ 3 euro (leden Willemsfonds, Davidsfonds, Masereelfonds of Vrienden van het Erasmushuis). Betaling ter plaatse.<\/p>\n<p>Reservatie gewenst.[\/vc_column_text][vc_empty_space]<aside class=\"booknowblock\">\n  <a href=\"https:\/\/www.erasmushouse.museum\/nl\/booking-form\/?visit_id=24827\" class=\"booknowblock__link\">\n    <div class=\"booknowblock__body\">\n      <p class=\"booknowblock__type\">Event<\/p>\n      <h2 class=\"booknowblock__title\">10.06 \/ Lezing - De Renaissance begon in Bagdad<\/h2>\n      <section class=\"booknowblock-section\">\n        <h3 class=\"booknowblock-section__title\">Duur<\/h3>\n                  <p class=\"booknowblock-section__value\">\n            1u30          <\/p>\n              <\/section>\n      <section class=\"booknowblock-section\">\n        <h3 class=\"booknowblock-section__title\">Tarieven<\/h3>\n                  <p class=\"booknowblock-section__value booknowblock-section__value--50\">\n            <span>Normaal tarief<\/span>\n            <span>\u20ac\u00a05,00<\/span>\n          <\/p>\n          <!--\n          <p class=\"booknowblock-section__value booknowblock-section__value--50\">\n            <span>Tarief -18 jaar<\/span>\n            <span>\u20ac\u00a00,00<\/span>\n          <\/p>\n          <p class=\"booknowblock-section__value booknowblock-section__value--50\">\n            <span>Tarief -12 jaar<\/span>\n            <span>\u20ac\u00a00,00<\/span>\n          <\/p>\n          <p class=\"booknowblock-section__value booknowblock-section__value--50\">\n            <span>Tarief -6 jaar<\/span>\n            <span>\u20ac\u00a00,00<\/span>\n          <\/p>\n          <p class=\"booknowblock-section__value booknowblock-section__value--50\">\n            <span>Ledentarief<\/span>\n            <span>\u20ac\u00a00,00<\/span>\n          <\/p>\n          -->\n              <\/section>\n    <\/div>\n    <button class=\"booknowblock__cta\">\n      <span>Nu reserveren<\/span>\n    <\/button>\n  <\/a>\n<\/aside>\n[vc_empty_space][\/vc_column][vc_column width=&#8221;1\/6&#8243;][\/vc_column][\/vc_row][vc_row][vc_column][vc_masonry_media_grid element_width=&#8221;3&#8243; gap=&#8221;10&#8243; grid_id=&#8221;vc_gid:1777366583276-9265b4d2-34c6-10&#8243;][vc_empty_space][\/vc_column][\/vc_row][vc_row][vc_column][\/vc_column][\/vc_row][vc_row][vc_column][\/vc_column][\/vc_row][vc_row][vc_column][\/vc_column][\/vc_row]<\/p>\n<\/div>","protected":false},"excerpt":{"rendered":"<p>Proins gravida nibh vel velit auctor aliquet. Aenean sollicitudin, lorem quis bibendum auctor, nisi elit de conse qu atip sum,<br \/>\nnec sagittis dolor sit amet, consectetur adipis eng elit. In ut ulla corper leo, eget eui et orci. Cum et sociis natoques<br \/>\npenatibu et magnis parturie montes, nascetur ridicu lus mus. Vestibu ni ultricies aliquam de convallis. Des ece nas utimsems<br \/>\ntellus proin tinci de lectt, consectetur adipis eng elit. In ut ulla cor. <\/p>\n","protected":false},"author":15,"featured_media":24817,"comment_status":"closed","ping_status":"closed","sticky":false,"template":"","format":"standard","meta":{"_acf_changed":false,"footnotes":""},"categories":[164,167,92],"tags":[],"class_list":["post-24816","post","type-post","status-publish","format-standard","has-post-thumbnail","hentry","category-activites-nl","category-activiteiten","category-lezing"],"acf":[],"yoast_head":"<!-- This site is optimized with the Yoast SEO plugin v27.4 - https:\/\/yoast.com\/product\/yoast-seo-wordpress\/ -->\n<title>10.06.26\/ Lezing Koert Debeuf - De Renaissance begon in Bagdad - Erasmus House<\/title>\n<meta name=\"description\" content=\"Avec Renaud Adam. Nouveau cycle de conf\u00e9rences 2022-2023 &quot;Une pens\u00e9e dissidente&quot; \/ Sur place ou via le livestream, gratuit !\" \/>\n<meta name=\"robots\" content=\"index, follow, max-snippet:-1, max-image-preview:large, max-video-preview:-1\" \/>\n<link rel=\"canonical\" href=\"https:\/\/www.erasmushouse.museum\/nl\/10-06-26-de-renaissance-begon-in-bagdad\/\" \/>\n<meta property=\"og:locale\" content=\"nl_NL\" \/>\n<meta property=\"og:type\" content=\"article\" \/>\n<meta property=\"og:title\" content=\"10.06.26\/ Lezing Koert Debeuf - De Renaissance begon in Bagdad - Erasmus House\" \/>\n<meta property=\"og:description\" content=\"Avec Renaud Adam. Nouveau cycle de conf\u00e9rences 2022-2023 &quot;Une pens\u00e9e dissidente&quot; \/ Sur place ou via le livestream, gratuit !\" \/>\n<meta property=\"og:url\" content=\"https:\/\/www.erasmushouse.museum\/nl\/10-06-26-de-renaissance-begon-in-bagdad\/\" \/>\n<meta property=\"og:site_name\" content=\"Erasmus House\" \/>\n<meta property=\"article:published_time\" content=\"2026-04-28T08:55:51+00:00\" \/>\n<meta property=\"article:modified_time\" content=\"2026-04-28T08:56:35+00:00\" \/>\n<meta property=\"og:image\" content=\"https:\/\/www.erasmushouse.museum\/wp-content\/uploads\/2026\/04\/Image-Comm-Debeuf.png\" \/>\n\t<meta property=\"og:image:width\" content=\"1074\" \/>\n\t<meta property=\"og:image:height\" content=\"652\" \/>\n\t<meta property=\"og:image:type\" content=\"image\/png\" \/>\n<meta name=\"author\" content=\"Nancy\" \/>\n<meta name=\"twitter:card\" content=\"summary_large_image\" \/>\n<meta name=\"twitter:label1\" content=\"Geschreven door\" \/>\n\t<meta name=\"twitter:data1\" content=\"Nancy\" \/>\n\t<meta name=\"twitter:label2\" content=\"Geschatte leestijd\" \/>\n\t<meta name=\"twitter:data2\" content=\"3 minuten\" \/>\n<script type=\"application\/ld+json\" class=\"yoast-schema-graph\">{\"@context\":\"https:\\\/\\\/schema.org\",\"@graph\":[{\"@type\":\"Article\",\"@id\":\"https:\\\/\\\/www.erasmushouse.museum\\\/nl\\\/10-06-26-de-renaissance-begon-in-bagdad\\\/#article\",\"isPartOf\":{\"@id\":\"https:\\\/\\\/www.erasmushouse.museum\\\/nl\\\/10-06-26-de-renaissance-begon-in-bagdad\\\/\"},\"author\":{\"name\":\"Nancy\",\"@id\":\"https:\\\/\\\/erasmushouse.museum\\\/en\\\/#\\\/schema\\\/person\\\/897d23f8ba8740f8ce615caf48db1c5b\"},\"headline\":\"10.06.26\\\/ Lezing Koert Debeuf &#8211; De Renaissance begon in Bagdad\",\"datePublished\":\"2026-04-28T08:55:51+00:00\",\"dateModified\":\"2026-04-28T08:56:35+00:00\",\"mainEntityOfPage\":{\"@id\":\"https:\\\/\\\/www.erasmushouse.museum\\\/nl\\\/10-06-26-de-renaissance-begon-in-bagdad\\\/\"},\"wordCount\":556,\"image\":{\"@id\":\"https:\\\/\\\/www.erasmushouse.museum\\\/nl\\\/10-06-26-de-renaissance-begon-in-bagdad\\\/#primaryimage\"},\"thumbnailUrl\":\"https:\\\/\\\/www.erasmushouse.museum\\\/wp-content\\\/uploads\\\/2026\\\/04\\\/Image-Comm-Debeuf.png\",\"articleSection\":[\"Activiteiten\",\"Activiteiten\",\"Lezing\"],\"inLanguage\":\"nl-NL\"},{\"@type\":\"WebPage\",\"@id\":\"https:\\\/\\\/www.erasmushouse.museum\\\/nl\\\/10-06-26-de-renaissance-begon-in-bagdad\\\/\",\"url\":\"https:\\\/\\\/www.erasmushouse.museum\\\/nl\\\/10-06-26-de-renaissance-begon-in-bagdad\\\/\",\"name\":\"10.06.26\\\/ Lezing Koert Debeuf - De Renaissance begon in Bagdad - Erasmus House\",\"isPartOf\":{\"@id\":\"https:\\\/\\\/erasmushouse.museum\\\/en\\\/#website\"},\"primaryImageOfPage\":{\"@id\":\"https:\\\/\\\/www.erasmushouse.museum\\\/nl\\\/10-06-26-de-renaissance-begon-in-bagdad\\\/#primaryimage\"},\"image\":{\"@id\":\"https:\\\/\\\/www.erasmushouse.museum\\\/nl\\\/10-06-26-de-renaissance-begon-in-bagdad\\\/#primaryimage\"},\"thumbnailUrl\":\"https:\\\/\\\/www.erasmushouse.museum\\\/wp-content\\\/uploads\\\/2026\\\/04\\\/Image-Comm-Debeuf.png\",\"datePublished\":\"2026-04-28T08:55:51+00:00\",\"dateModified\":\"2026-04-28T08:56:35+00:00\",\"author\":{\"@id\":\"https:\\\/\\\/erasmushouse.museum\\\/en\\\/#\\\/schema\\\/person\\\/897d23f8ba8740f8ce615caf48db1c5b\"},\"description\":\"Avec Renaud Adam. Nouveau cycle de conf\u00e9rences 2022-2023 \\\"Une pens\u00e9e dissidente\\\" \\\/ Sur place ou via le livestream, gratuit !\",\"breadcrumb\":{\"@id\":\"https:\\\/\\\/www.erasmushouse.museum\\\/nl\\\/10-06-26-de-renaissance-begon-in-bagdad\\\/#breadcrumb\"},\"inLanguage\":\"nl-NL\",\"potentialAction\":[{\"@type\":\"ReadAction\",\"target\":[\"https:\\\/\\\/www.erasmushouse.museum\\\/nl\\\/10-06-26-de-renaissance-begon-in-bagdad\\\/\"]}]},{\"@type\":\"ImageObject\",\"inLanguage\":\"nl-NL\",\"@id\":\"https:\\\/\\\/www.erasmushouse.museum\\\/nl\\\/10-06-26-de-renaissance-begon-in-bagdad\\\/#primaryimage\",\"url\":\"https:\\\/\\\/www.erasmushouse.museum\\\/wp-content\\\/uploads\\\/2026\\\/04\\\/Image-Comm-Debeuf.png\",\"contentUrl\":\"https:\\\/\\\/www.erasmushouse.museum\\\/wp-content\\\/uploads\\\/2026\\\/04\\\/Image-Comm-Debeuf.png\",\"width\":1074,\"height\":652},{\"@type\":\"BreadcrumbList\",\"@id\":\"https:\\\/\\\/www.erasmushouse.museum\\\/nl\\\/10-06-26-de-renaissance-begon-in-bagdad\\\/#breadcrumb\",\"itemListElement\":[{\"@type\":\"ListItem\",\"position\":1,\"name\":\"Home\",\"item\":\"https:\\\/\\\/www.erasmushouse.museum\\\/nl\\\/\"},{\"@type\":\"ListItem\",\"position\":2,\"name\":\"10.06.26\\\/ Lezing Koert Debeuf &#8211; De Renaissance begon in Bagdad\"}]},{\"@type\":\"WebSite\",\"@id\":\"https:\\\/\\\/erasmushouse.museum\\\/en\\\/#website\",\"url\":\"https:\\\/\\\/erasmushouse.museum\\\/en\\\/\",\"name\":\"Erasmus House\",\"description\":\"Visitez une des plus anciennes maisons gothiques de Bruxelles\",\"potentialAction\":[{\"@type\":\"SearchAction\",\"target\":{\"@type\":\"EntryPoint\",\"urlTemplate\":\"https:\\\/\\\/erasmushouse.museum\\\/en\\\/?s={search_term_string}\"},\"query-input\":{\"@type\":\"PropertyValueSpecification\",\"valueRequired\":true,\"valueName\":\"search_term_string\"}}],\"inLanguage\":\"nl-NL\"},{\"@type\":\"Person\",\"@id\":\"https:\\\/\\\/erasmushouse.museum\\\/en\\\/#\\\/schema\\\/person\\\/897d23f8ba8740f8ce615caf48db1c5b\",\"name\":\"Nancy\",\"image\":{\"@type\":\"ImageObject\",\"inLanguage\":\"nl-NL\",\"@id\":\"https:\\\/\\\/secure.gravatar.com\\\/avatar\\\/98fd3f0a495d51d6f14cef31708149869270c61477c45f5a998164464e452549?s=96&d=mm&r=g\",\"url\":\"https:\\\/\\\/secure.gravatar.com\\\/avatar\\\/98fd3f0a495d51d6f14cef31708149869270c61477c45f5a998164464e452549?s=96&d=mm&r=g\",\"contentUrl\":\"https:\\\/\\\/secure.gravatar.com\\\/avatar\\\/98fd3f0a495d51d6f14cef31708149869270c61477c45f5a998164464e452549?s=96&d=mm&r=g\",\"caption\":\"Nancy\"},\"url\":\"https:\\\/\\\/www.erasmushouse.museum\\\/nl\\\/author\\\/nancy\\\/\"}]}<\/script>\n<!-- \/ Yoast SEO plugin. -->","yoast_head_json":{"title":"10.06.26\/ Lezing Koert Debeuf - De Renaissance begon in Bagdad - Erasmus House","description":"Avec Renaud Adam. Nouveau cycle de conf\u00e9rences 2022-2023 \"Une pens\u00e9e dissidente\" \/ Sur place ou via le livestream, gratuit !","robots":{"index":"index","follow":"follow","max-snippet":"max-snippet:-1","max-image-preview":"max-image-preview:large","max-video-preview":"max-video-preview:-1"},"canonical":"https:\/\/www.erasmushouse.museum\/nl\/10-06-26-de-renaissance-begon-in-bagdad\/","og_locale":"nl_NL","og_type":"article","og_title":"10.06.26\/ Lezing Koert Debeuf - De Renaissance begon in Bagdad - Erasmus House","og_description":"Avec Renaud Adam. Nouveau cycle de conf\u00e9rences 2022-2023 \"Une pens\u00e9e dissidente\" \/ Sur place ou via le livestream, gratuit !","og_url":"https:\/\/www.erasmushouse.museum\/nl\/10-06-26-de-renaissance-begon-in-bagdad\/","og_site_name":"Erasmus House","article_published_time":"2026-04-28T08:55:51+00:00","article_modified_time":"2026-04-28T08:56:35+00:00","og_image":[{"width":1074,"height":652,"url":"https:\/\/www.erasmushouse.museum\/wp-content\/uploads\/2026\/04\/Image-Comm-Debeuf.png","type":"image\/png"}],"author":"Nancy","twitter_card":"summary_large_image","twitter_misc":{"Geschreven door":"Nancy","Geschatte leestijd":"3 minuten"},"schema":{"@context":"https:\/\/schema.org","@graph":[{"@type":"Article","@id":"https:\/\/www.erasmushouse.museum\/nl\/10-06-26-de-renaissance-begon-in-bagdad\/#article","isPartOf":{"@id":"https:\/\/www.erasmushouse.museum\/nl\/10-06-26-de-renaissance-begon-in-bagdad\/"},"author":{"name":"Nancy","@id":"https:\/\/erasmushouse.museum\/en\/#\/schema\/person\/897d23f8ba8740f8ce615caf48db1c5b"},"headline":"10.06.26\/ Lezing Koert Debeuf &#8211; De Renaissance begon in Bagdad","datePublished":"2026-04-28T08:55:51+00:00","dateModified":"2026-04-28T08:56:35+00:00","mainEntityOfPage":{"@id":"https:\/\/www.erasmushouse.museum\/nl\/10-06-26-de-renaissance-begon-in-bagdad\/"},"wordCount":556,"image":{"@id":"https:\/\/www.erasmushouse.museum\/nl\/10-06-26-de-renaissance-begon-in-bagdad\/#primaryimage"},"thumbnailUrl":"https:\/\/www.erasmushouse.museum\/wp-content\/uploads\/2026\/04\/Image-Comm-Debeuf.png","articleSection":["Activiteiten","Activiteiten","Lezing"],"inLanguage":"nl-NL"},{"@type":"WebPage","@id":"https:\/\/www.erasmushouse.museum\/nl\/10-06-26-de-renaissance-begon-in-bagdad\/","url":"https:\/\/www.erasmushouse.museum\/nl\/10-06-26-de-renaissance-begon-in-bagdad\/","name":"10.06.26\/ Lezing Koert Debeuf - De Renaissance begon in Bagdad - Erasmus House","isPartOf":{"@id":"https:\/\/erasmushouse.museum\/en\/#website"},"primaryImageOfPage":{"@id":"https:\/\/www.erasmushouse.museum\/nl\/10-06-26-de-renaissance-begon-in-bagdad\/#primaryimage"},"image":{"@id":"https:\/\/www.erasmushouse.museum\/nl\/10-06-26-de-renaissance-begon-in-bagdad\/#primaryimage"},"thumbnailUrl":"https:\/\/www.erasmushouse.museum\/wp-content\/uploads\/2026\/04\/Image-Comm-Debeuf.png","datePublished":"2026-04-28T08:55:51+00:00","dateModified":"2026-04-28T08:56:35+00:00","author":{"@id":"https:\/\/erasmushouse.museum\/en\/#\/schema\/person\/897d23f8ba8740f8ce615caf48db1c5b"},"description":"Avec Renaud Adam. Nouveau cycle de conf\u00e9rences 2022-2023 \"Une pens\u00e9e dissidente\" \/ Sur place ou via le livestream, gratuit !","breadcrumb":{"@id":"https:\/\/www.erasmushouse.museum\/nl\/10-06-26-de-renaissance-begon-in-bagdad\/#breadcrumb"},"inLanguage":"nl-NL","potentialAction":[{"@type":"ReadAction","target":["https:\/\/www.erasmushouse.museum\/nl\/10-06-26-de-renaissance-begon-in-bagdad\/"]}]},{"@type":"ImageObject","inLanguage":"nl-NL","@id":"https:\/\/www.erasmushouse.museum\/nl\/10-06-26-de-renaissance-begon-in-bagdad\/#primaryimage","url":"https:\/\/www.erasmushouse.museum\/wp-content\/uploads\/2026\/04\/Image-Comm-Debeuf.png","contentUrl":"https:\/\/www.erasmushouse.museum\/wp-content\/uploads\/2026\/04\/Image-Comm-Debeuf.png","width":1074,"height":652},{"@type":"BreadcrumbList","@id":"https:\/\/www.erasmushouse.museum\/nl\/10-06-26-de-renaissance-begon-in-bagdad\/#breadcrumb","itemListElement":[{"@type":"ListItem","position":1,"name":"Home","item":"https:\/\/www.erasmushouse.museum\/nl\/"},{"@type":"ListItem","position":2,"name":"10.06.26\/ Lezing Koert Debeuf &#8211; De Renaissance begon in Bagdad"}]},{"@type":"WebSite","@id":"https:\/\/erasmushouse.museum\/en\/#website","url":"https:\/\/erasmushouse.museum\/en\/","name":"Erasmus House","description":"Visitez une des plus anciennes maisons gothiques de Bruxelles","potentialAction":[{"@type":"SearchAction","target":{"@type":"EntryPoint","urlTemplate":"https:\/\/erasmushouse.museum\/en\/?s={search_term_string}"},"query-input":{"@type":"PropertyValueSpecification","valueRequired":true,"valueName":"search_term_string"}}],"inLanguage":"nl-NL"},{"@type":"Person","@id":"https:\/\/erasmushouse.museum\/en\/#\/schema\/person\/897d23f8ba8740f8ce615caf48db1c5b","name":"Nancy","image":{"@type":"ImageObject","inLanguage":"nl-NL","@id":"https:\/\/secure.gravatar.com\/avatar\/98fd3f0a495d51d6f14cef31708149869270c61477c45f5a998164464e452549?s=96&d=mm&r=g","url":"https:\/\/secure.gravatar.com\/avatar\/98fd3f0a495d51d6f14cef31708149869270c61477c45f5a998164464e452549?s=96&d=mm&r=g","contentUrl":"https:\/\/secure.gravatar.com\/avatar\/98fd3f0a495d51d6f14cef31708149869270c61477c45f5a998164464e452549?s=96&d=mm&r=g","caption":"Nancy"},"url":"https:\/\/www.erasmushouse.museum\/nl\/author\/nancy\/"}]}},"_links":{"self":[{"href":"https:\/\/www.erasmushouse.museum\/nl\/wp-json\/wp\/v2\/posts\/24816","targetHints":{"allow":["GET"]}}],"collection":[{"href":"https:\/\/www.erasmushouse.museum\/nl\/wp-json\/wp\/v2\/posts"}],"about":[{"href":"https:\/\/www.erasmushouse.museum\/nl\/wp-json\/wp\/v2\/types\/post"}],"author":[{"embeddable":true,"href":"https:\/\/www.erasmushouse.museum\/nl\/wp-json\/wp\/v2\/users\/15"}],"replies":[{"embeddable":true,"href":"https:\/\/www.erasmushouse.museum\/nl\/wp-json\/wp\/v2\/comments?post=24816"}],"version-history":[{"count":6,"href":"https:\/\/www.erasmushouse.museum\/nl\/wp-json\/wp\/v2\/posts\/24816\/revisions"}],"predecessor-version":[{"id":24831,"href":"https:\/\/www.erasmushouse.museum\/nl\/wp-json\/wp\/v2\/posts\/24816\/revisions\/24831"}],"wp:featuredmedia":[{"embeddable":true,"href":"https:\/\/www.erasmushouse.museum\/nl\/wp-json\/wp\/v2\/media\/24817"}],"wp:attachment":[{"href":"https:\/\/www.erasmushouse.museum\/nl\/wp-json\/wp\/v2\/media?parent=24816"}],"wp:term":[{"taxonomy":"category","embeddable":true,"href":"https:\/\/www.erasmushouse.museum\/nl\/wp-json\/wp\/v2\/categories?post=24816"},{"taxonomy":"post_tag","embeddable":true,"href":"https:\/\/www.erasmushouse.museum\/nl\/wp-json\/wp\/v2\/tags?post=24816"}],"curies":[{"name":"wp","href":"https:\/\/api.w.org\/{rel}","templated":true}]}}